{"id":92913,"date":"2014-07-27T14:46:29","date_gmt":"2014-07-27T17:46:29","guid":{"rendered":"https:\/\/jundiai.sp.gov.br\/noticias\/?p=92913"},"modified":"2016-11-04T11:08:28","modified_gmt":"2016-11-04T13:08:28","slug":"artesaos-viram-turismo-no-encontro-nacional-de-motociclistas","status":"publish","type":"post","link":"https:\/\/jundiai.sp.gov.br\/noticias\/2014\/07\/27\/artesaos-viram-turismo-no-encontro-nacional-de-motociclistas\/","title":{"rendered":"Artes\u00e3os s\u00e3o destaque no Encontro de Motociclistas"},"content":{"rendered":"<p><strong>Encontrar um entalhador que fabrica e testa um monociclo ou descobrir a produtora de um sabonete em formato de cacho de uva dentro de uma caixinha de madeira foram algumas das surpresas que os visitantes do<a href=\"https:\/\/jundiai.sp.gov.br\/noticias\/encontro-nacional-de-motociclistas\/\" target=\"_blank\"> <strong>1\u00ba Encontro Nacional de Motociclistas<\/strong><\/a> tiveram dentro dos pavilh\u00f5es do Parque Comendador Ant\u00f4nio Carbonari, o Parque da Uva. Mais uma vez, a feira de artesanato \u201cJundia\u00ed Feito \u00e0 M\u00e3o\u201d mostrou seu foco em talentos.<\/strong><br \/>\n<div id=\"attachment_113240\" style=\"width: 310px\" class=\"wp-caption alignleft\"><a href=\"https:\/\/jundiai.sp.gov.br\/noticias\/wp-content\/uploads\/sites\/32\/2014\/07\/Virg\u00ednia-e-o-sabonete-em-forma-de-caixa-de-uva.jpg\"><img loading=\"lazy\" decoding=\"async\" aria-describedby=\"caption-attachment-113240\" src=\"https:\/\/jundiai.sp.gov.br\/noticias\/wp-content\/uploads\/sites\/32\/2014\/07\/Virg\u00ednia-e-o-sabonete-em-forma-de-caixa-de-uva-300x230.jpg\" alt=\"Virg\u00ednia e o sabonete em forma de caixa de uva\" width=\"300\" height=\"230\" class=\"size-medium wp-image-113240\" srcset=\"https:\/\/jundiai.sp.gov.br\/noticias\/wp-content\/uploads\/sites\/32\/2014\/07\/Virg\u00ednia-e-o-sabonete-em-forma-de-caixa-de-uva-300x230.jpg 300w, https:\/\/jundiai.sp.gov.br\/noticias\/wp-content\/uploads\/sites\/32\/2014\/07\/Virg\u00ednia-e-o-sabonete-em-forma-de-caixa-de-uva-720x553.jpg 720w, https:\/\/jundiai.sp.gov.br\/noticias\/wp-content\/uploads\/sites\/32\/2014\/07\/Virg\u00ednia-e-o-sabonete-em-forma-de-caixa-de-uva.jpg 1240w\" sizes=\"auto, (max-width: 300px) 100vw, 300px\" \/><\/a><p id=\"caption-attachment-113240\" class=\"wp-caption-text\">Virg\u00ednia e o sabonete em forma de caixa de uva<\/p><\/div>\u201cEsse grupo forma um conjunto muito bacana. Quando recebemos convites de outras cidades, por exemplo, querem agora o grupo inteiro, com as barracas e aventais uniformizados, porque \u00e9 assim que somos uma atra\u00e7\u00e3o\u201d, comenta Virg\u00ednia Clemente.<\/p>\n<p><strong>LEIA TAMB\u00c9M<br \/>\n<a href=\"https:\/\/jundiai.sp.gov.br\/noticias\/2014\/07\/encontro-de-motociclistas-atrai-milhares-ao-parque-da-uva\/\" target=\"_blank\">Encontro de Motociclistas atrai milhares ao Parque da Uva<\/strong><\/a><\/p>\n<p>Entre os trabalhos que ela realiza est\u00e3o coisas como uma caixinha de madeira com \u201cuvas\u201d de sabonete dentro e uma bandeirinha do pa\u00eds e da cidade. E tamb\u00e9m em forma de torta, de jipe e muitas outras, inclusive o chamado \u201csach\u00ea de sushi\u201d para gavetas, em forma de comida japonesa.<\/p>\n<p>Para Uriel Guitarrari Manoel, um dos veteranos artes\u00e3os da cidade, o projeto resgatou a visibilidade de artistas. Ele impressiona com um entalhe de madeira em forma de t\u00fanel com uma luz (acesa) ao fundo, alimentada por uma pequena bateria encaixada no verso. Ou ao testar um monociclo que ele mesmo produz.<\/p>\n<p>\u201cA parte mais sensacional \u00e9 que gostamos de estar aqui, de conversar entre n\u00f3s e com as pessoas. Trabalho durante a semana para ter essa conviv\u00eancia nas feiras de que participo\u201d, explica.<br \/>\n<div id=\"attachment_113243\" style=\"width: 310px\" class=\"wp-caption alignleft\"><a href=\"https:\/\/jundiai.sp.gov.br\/noticias\/wp-content\/uploads\/sites\/32\/2014\/07\/Para-Uriel-a-qualidade-dos-artistas-\u00e9-o-segredo-da-feira.jpg\"><img loading=\"lazy\" decoding=\"async\" aria-describedby=\"caption-attachment-113243\" src=\"https:\/\/jundiai.sp.gov.br\/noticias\/wp-content\/uploads\/sites\/32\/2014\/07\/Para-Uriel-a-qualidade-dos-artistas-\u00e9-o-segredo-da-feira-300x240.jpg\" alt=\"Para Uriel, a qualidade dos artistas \u00e9 o segredo da feira\" width=\"300\" height=\"240\" class=\"size-medium wp-image-113243\" srcset=\"https:\/\/jundiai.sp.gov.br\/noticias\/wp-content\/uploads\/sites\/32\/2014\/07\/Para-Uriel-a-qualidade-dos-artistas-\u00e9-o-segredo-da-feira-300x240.jpg 300w, https:\/\/jundiai.sp.gov.br\/noticias\/wp-content\/uploads\/sites\/32\/2014\/07\/Para-Uriel-a-qualidade-dos-artistas-\u00e9-o-segredo-da-feira-720x578.jpg 720w, https:\/\/jundiai.sp.gov.br\/noticias\/wp-content\/uploads\/sites\/32\/2014\/07\/Para-Uriel-a-qualidade-dos-artistas-\u00e9-o-segredo-da-feira.jpg 1240w\" sizes=\"auto, (max-width: 300px) 100vw, 300px\" \/><\/a><p id=\"caption-attachment-113243\" class=\"wp-caption-text\">Para Uriel, a qualidade dos artistas \u00e9 o segredo da feira<\/p><\/div>Como outros artistas, os participantes da feira \u201cJundia\u00ed Feito \u00e0 M\u00e3o\u201d, criada pela Secretaria de Agricultura, Abastecimento e Turismo, n\u00e3o visam somente os resultados imediatos dos eventos e priorizam o relacionamento pessoal que leva a futuras encomendas para datas festivas, eventos ou projetos.<\/p>\n<p><strong>Conversa<\/strong><br \/>\nS\u00e3o cerca de 30 participantes ass\u00edduos entre mais de 180 cadastrados e a caracter\u00edstica da conversa direta entre artistas e visitantes, mais do que entre produtores e consumidores, \u00e9 a marca mais importante do grupo. <\/p>\n<p>Para Virg\u00ednia, a variedade tamb\u00e9m \u00e9 outro aspecto de destaque. \u201cAs cria\u00e7\u00f5es de todos variam entre coisas para homens, para mulheres, para crian\u00e7as, para gostos variados&#8230;. e muitas vezes uma mesma pessoa surpreende com diversos tipos\u201d, explica.<\/p>\n<p>Muitas dessas surpresas, lembra Uriel, s\u00e3o produtos bem humorados e somente s\u00e3o descobertos depois de uma boa conversa com os participantes da feira. \u201cNosso maior prazer est\u00e1 nesse contato com as pessoas e temos esse ponto em comum com os motociclistas\u201d, comentou ao apontar uma bem humorada enceradeira turbinada com guid\u00e3o e farol criada por Eduardo Modesto, especialista em reciclagem de arte em ferro.<\/p>\n<p>Para quem quiser conhecer os trabalhos, o evento segue neste domingo (27) &#8211; \u00faltimo dia &#8211; com apresenta\u00e7\u00f5es de shows musicais e muita anima\u00e7\u00e3o.<\/p>\n<p><em><strong>Jos\u00e9 Arnaldo de Oliveira<br \/>\nFotos: Cleber de Almeida <\/strong><\/em><\/p>\n","protected":false},"excerpt":{"rendered":"<p>S\u00e3o cerca de 30 participantes no local, como Virg\u00ednia Clemente (foto), que vende um sabonete estilizado em forma de uva <\/p>\n","protected":false},"author":10,"featured_media":92917,"comment_status":"closed","ping_status":"closed","sticky":false,"template":"","format":"standard","meta":{"footnotes":""},"categories":[2],"tags":[41,223],"ods":[],"class_list":["post-92913","post","type-post","status-publish","format-standard","has-post-thumbnail","hentry","category-noticias","tag-agricultura-abastecimento-e-turismo","tag-encontro-nacional-de-motociclistas-2014"],"_links":{"self":[{"href":"https:\/\/jundiai.sp.gov.br\/noticias\/wp-json\/wp\/v2\/posts\/92913","targetHints":{"allow":["GET"]}}],"collection":[{"href":"https:\/\/jundiai.sp.gov.br\/noticias\/wp-json\/wp\/v2\/posts"}],"about":[{"href":"https:\/\/jundiai.sp.gov.br\/noticias\/wp-json\/wp\/v2\/types\/post"}],"author":[{"embeddable":true,"href":"https:\/\/jundiai.sp.gov.br\/noticias\/wp-json\/wp\/v2\/users\/10"}],"replies":[{"embeddable":true,"href":"https:\/\/jundiai.sp.gov.br\/noticias\/wp-json\/wp\/v2\/comments?post=92913"}],"version-history":[{"count":2,"href":"https:\/\/jundiai.sp.gov.br\/noticias\/wp-json\/wp\/v2\/posts\/92913\/revisions"}],"predecessor-version":[{"id":113244,"href":"https:\/\/jundiai.sp.gov.br\/noticias\/wp-json\/wp\/v2\/posts\/92913\/revisions\/113244"}],"wp:featuredmedia":[{"embeddable":true,"href":"https:\/\/jundiai.sp.gov.br\/noticias\/wp-json\/"}],"wp:attachment":[{"href":"https:\/\/jundiai.sp.gov.br\/noticias\/wp-json\/wp\/v2\/media?parent=92913"}],"wp:term":[{"taxonomy":"category","embeddable":true,"href":"https:\/\/jundiai.sp.gov.br\/noticias\/wp-json\/wp\/v2\/categories?post=92913"},{"taxonomy":"post_tag","embeddable":true,"href":"https:\/\/jundiai.sp.gov.br\/noticias\/wp-json\/wp\/v2\/tags?post=92913"},{"taxonomy":"ods","embeddable":true,"href":"https:\/\/jundiai.sp.gov.br\/noticias\/wp-json\/wp\/v2\/ods?post=92913"}],"curies":[{"name":"wp","href":"https:\/\/api.w.org\/{rel}","templated":true}]}}