{"id":94282,"date":"2014-08-08T14:01:02","date_gmt":"2014-08-08T17:01:02","guid":{"rendered":"https:\/\/jundiai.sp.gov.br\/noticias\/?p=94282"},"modified":"2016-11-04T10:58:53","modified_gmt":"2016-11-04T12:58:53","slug":"transportes-interdita-vias-no-entorno-dos-cemiterios","status":"publish","type":"post","link":"https:\/\/jundiai.sp.gov.br\/noticias\/2014\/08\/08\/transportes-interdita-vias-no-entorno-dos-cemiterios\/","title":{"rendered":"Vias no entorno dos cemit\u00e9rios da cidade s\u00e3o interditadas"},"content":{"rendered":"<p><strong>A Divis\u00e3o de Fiscaliza\u00e7\u00e3o de Tr\u00e2nsito, da Secretaria Municipal de Transportes, informa que neste fim de semana far\u00e1 a interdi\u00e7\u00e3o nas vias pr\u00f3ximas aos cemit\u00e9rios da cidade por conta do Dia dos Pais.<\/strong><\/p>\n<p>No <strong>cemit\u00e9rio Parque dos Ip\u00eas,<\/strong> no bairro Retiro, haver\u00e1 interdi\u00e7\u00f5es neste s\u00e1bado (9) e domingo (10), das 6h \u00e0s 19h, no retorno em frente \u00e0 entrada principal do cemit\u00e9rio, na avenida Osmundo dos Santos Pellegrini. O desvio alternativo ser\u00e1 pelos retornos nas proximidades.<\/p>\n<p><strong>LEIA TAMB\u00c9M<br \/>\n<a href=\"https:\/\/jundiai.sp.gov.br\/noticias\/2014\/08\/sexta-no-centro-tem-mais-uma-edicao\/\" target=\"_blank\">\u201cSexta no Centro\u201d tem nova edi\u00e7\u00e3o nesta semana<\/a><br \/>\n<a href=\"https:\/\/jundiai.sp.gov.br\/noticias\/2014\/08\/servicos-publicos-realiza-desassoreamento-do-rio-guapeva\/\" target=\"_blank\">Servi\u00e7os P\u00fablicos prepara o Guapeva para chuvas<\/a><\/strong><\/p>\n<div id=\"attachment_94283\" style=\"width: 1034px\" class=\"wp-caption aligncenter\"><a href=\"https:\/\/jundiai.sp.gov.br\/noticias\/wp-content\/uploads\/sites\/32\/2014\/08\/amarelinho_transito_p_10G.jpg\"><img loading=\"lazy\" decoding=\"async\" aria-describedby=\"caption-attachment-94283\" src=\"https:\/\/jundiai.sp.gov.br\/noticias\/wp-content\/uploads\/sites\/32\/2014\/08\/amarelinho_transito_p_10G-1024x714.jpg\" alt=\"Agentes de tr\u00e2nsito tamb\u00e9m v\u00e3o dar apoio ao tr\u00e2nsito\" width=\"1024\" height=\"714\" class=\"size-large wp-image-94283\" \/><\/a><p id=\"caption-attachment-94283\" class=\"wp-caption-text\">Agentes de tr\u00e2nsito tamb\u00e9m v\u00e3o dar apoio ao tr\u00e2nsito<\/p><\/div>\n<p>J\u00e1 no <strong>cemit\u00e9rio Nossa Senhora do Desterro, no Centro<\/strong>, a Divis\u00e3o de Tr\u00e2nsito ir\u00e1 interditar no domingo (10) a avenida Henrique Andr\u00e9s, no trecho entre as ruas Anchieta e Prof. Luiz Rosa, em ambos os sentidos, bem como tornar m\u00e3o \u00fanica de dire\u00e7\u00e3o o trecho e sentido entre as ruas Prof. Luiz Rosa e Campos Salles. A interdi\u00e7\u00e3o ser\u00e1 das 6h \u00e0s 19h. O desvio alternativo poder\u00e1 ser feito pela rua Anchieta, conforme sinaliza\u00e7\u00e3o no local.<\/p>\n<p>Na Vila S\u00e3o Paulo, a interdi\u00e7\u00e3o por conta do <strong>cemit\u00e9rio Nossa Senhora do Montenegro<\/strong> ser\u00e1 na avenida Dr. Nelson Villa\u00e7a, em ambos os sentidos, no trecho entre as ruas Emb\u00fa e Leme, no domingo (10), no hor\u00e1rio das 6h \u00e0s 19h. O desvio alternativo ser\u00e1 pela Pra\u00e7a MMDC.<\/p>\n<p><strong><em>Assessoria de Imprensa<br \/>\nFoto: Paulo Gr\u00e9gio<\/em><\/strong><\/p>\n","protected":false},"excerpt":{"rendered":"<p>Opera\u00e7\u00e3o do Transportes efetuar\u00e1 a interdi\u00e7\u00e3o das vias neste fim de semana, por conta do Dia dos Pais<\/p>\n","protected":false},"author":14,"featured_media":94575,"comment_status":"closed","ping_status":"closed","sticky":false,"template":"","format":"standard","meta":{"footnotes":""},"categories":[2],"tags":[338],"ods":[],"class_list":["post-94282","post","type-post","status-publish","format-standard","has-post-thumbnail","hentry","category-noticias","tag-transportes"],"_links":{"self":[{"href":"https:\/\/jundiai.sp.gov.br\/noticias\/wp-json\/wp\/v2\/posts\/94282","targetHints":{"allow":["GET"]}}],"collection":[{"href":"https:\/\/jundiai.sp.gov.br\/noticias\/wp-json\/wp\/v2\/posts"}],"about":[{"href":"https:\/\/jundiai.sp.gov.br\/noticias\/wp-json\/wp\/v2\/types\/post"}],"author":[{"embeddable":true,"href":"https:\/\/jundiai.sp.gov.br\/noticias\/wp-json\/wp\/v2\/users\/14"}],"replies":[{"embeddable":true,"href":"https:\/\/jundiai.sp.gov.br\/noticias\/wp-json\/wp\/v2\/comments?post=94282"}],"version-history":[{"count":1,"href":"https:\/\/jundiai.sp.gov.br\/noticias\/wp-json\/wp\/v2\/posts\/94282\/revisions"}],"predecessor-version":[{"id":128827,"href":"https:\/\/jundiai.sp.gov.br\/noticias\/wp-json\/wp\/v2\/posts\/94282\/revisions\/128827"}],"wp:featuredmedia":[{"embeddable":true,"href":"https:\/\/jundiai.sp.gov.br\/noticias\/wp-json\/"}],"wp:attachment":[{"href":"https:\/\/jundiai.sp.gov.br\/noticias\/wp-json\/wp\/v2\/media?parent=94282"}],"wp:term":[{"taxonomy":"category","embeddable":true,"href":"https:\/\/jundiai.sp.gov.br\/noticias\/wp-json\/wp\/v2\/categories?post=94282"},{"taxonomy":"post_tag","embeddable":true,"href":"https:\/\/jundiai.sp.gov.br\/noticias\/wp-json\/wp\/v2\/tags?post=94282"},{"taxonomy":"ods","embeddable":true,"href":"https:\/\/jundiai.sp.gov.br\/noticias\/wp-json\/wp\/v2\/ods?post=94282"}],"curies":[{"name":"wp","href":"https:\/\/api.w.org\/{rel}","templated":true}]}}