{"id":94460,"date":"2014-08-07T15:48:14","date_gmt":"2014-08-07T18:48:14","guid":{"rendered":"https:\/\/jundiai.sp.gov.br\/noticias\/?p=94460"},"modified":"2016-11-04T10:58:53","modified_gmt":"2016-11-04T12:58:53","slug":"avenida-nove-de-julho-tera-interdicoes-neste-sabado-9","status":"publish","type":"post","link":"https:\/\/jundiai.sp.gov.br\/noticias\/2014\/08\/07\/avenida-nove-de-julho-tera-interdicoes-neste-sabado-9\/","title":{"rendered":"Avenida Nove de Julho ter\u00e1 interdi\u00e7\u00f5es neste s\u00e1bado (9)"},"content":{"rendered":"<p><strong>A Divis\u00e3o de Fiscaliza\u00e7\u00e3o de Tr\u00e2nsito, da Secretaria de Transportes, alerta para que os motoristas que passam pela avenida Nove de Julho redobrem a aten\u00e7\u00e3o neste s\u00e1bado (9) e, se poss\u00edvel, evitem a regi\u00e3o. A avenida sofrer\u00e1 interdi\u00e7\u00f5es devido a realiza\u00e7\u00e3o da Marcha para Jesus.<\/strong><\/p>\n<p>\u00c0s 10h, ser\u00e3o interditadas duas faixas da avenida no sentido Vila Hortol\u00e2ndia, no trecho entre as ruas Cel. Boaventura Mendes Pereira e Greg\u00f3rio Faria Paes. J\u00e1 ao meio-dia, ser\u00e1 interditada a largura total da via, no mesmo trecho, por conta da realiza\u00e7\u00e3o de shows musicais.<\/p>\n<p>A partir das 16h, ser\u00e1 iniciada a Marcha, que seguir\u00e1 pela Nove de Julho, no sentido Anhanguera, entrando na avenida Coleta Ferraz Castro, avenida Pedro Blanco da Silva, avenida Manoela Lacerda de Vergueiro, terminando no Parque Comendador Ant\u00f4nio Carbonari (Parque da Uva).<\/p>\n<p>A Divis\u00e3o de Fiscaliza\u00e7\u00e3o informa ainda que cerca de 12 agentes ir\u00e3o acompanhar a Marcha para garantir a seguran\u00e7a dos fi\u00e9is e a organiza\u00e7\u00e3o do tr\u00e2nsito. J\u00e1 em rela\u00e7\u00e3o ao desvio alternativo, haver\u00e1 placas sinalizadores informando por onde seguir.<\/p>\n<p><em><strong>Assessoria de Imprensa<\/strong><\/em><\/p>\n","protected":false},"excerpt":{"rendered":"<p>A Divis\u00e3o de Fiscaliza\u00e7\u00e3o de Tr\u00e2nsito, da Secretaria de Transportes, alerta para que os motoristas que passam pela avenida Nove de Julho redobrem a aten\u00e7\u00e3o neste s\u00e1bado (9) e, se poss\u00edvel, evitem a regi\u00e3o. A avenida sofrer\u00e1 interdi\u00e7\u00f5es devido a realiza\u00e7\u00e3o da Marcha para Jesus. \u00c0s 10h, ser\u00e3o interditadas duas faixas da avenida no sentido [&hellip;]<\/p>\n","protected":false},"author":10,"featured_media":0,"comment_status":"closed","ping_status":"closed","sticky":false,"template":"","format":"standard","meta":{"footnotes":""},"categories":[2],"tags":[338],"ods":[],"class_list":["post-94460","post","type-post","status-publish","format-standard","hentry","category-noticias","tag-transportes"],"_links":{"self":[{"href":"https:\/\/jundiai.sp.gov.br\/noticias\/wp-json\/wp\/v2\/posts\/94460","targetHints":{"allow":["GET"]}}],"collection":[{"href":"https:\/\/jundiai.sp.gov.br\/noticias\/wp-json\/wp\/v2\/posts"}],"about":[{"href":"https:\/\/jundiai.sp.gov.br\/noticias\/wp-json\/wp\/v2\/types\/post"}],"author":[{"embeddable":true,"href":"https:\/\/jundiai.sp.gov.br\/noticias\/wp-json\/wp\/v2\/users\/10"}],"replies":[{"embeddable":true,"href":"https:\/\/jundiai.sp.gov.br\/noticias\/wp-json\/wp\/v2\/comments?post=94460"}],"version-history":[{"count":1,"href":"https:\/\/jundiai.sp.gov.br\/noticias\/wp-json\/wp\/v2\/posts\/94460\/revisions"}],"predecessor-version":[{"id":128829,"href":"https:\/\/jundiai.sp.gov.br\/noticias\/wp-json\/wp\/v2\/posts\/94460\/revisions\/128829"}],"wp:attachment":[{"href":"https:\/\/jundiai.sp.gov.br\/noticias\/wp-json\/wp\/v2\/media?parent=94460"}],"wp:term":[{"taxonomy":"category","embeddable":true,"href":"https:\/\/jundiai.sp.gov.br\/noticias\/wp-json\/wp\/v2\/categories?post=94460"},{"taxonomy":"post_tag","embeddable":true,"href":"https:\/\/jundiai.sp.gov.br\/noticias\/wp-json\/wp\/v2\/tags?post=94460"},{"taxonomy":"ods","embeddable":true,"href":"https:\/\/jundiai.sp.gov.br\/noticias\/wp-json\/wp\/v2\/ods?post=94460"}],"curies":[{"name":"wp","href":"https:\/\/api.w.org\/{rel}","templated":true}]}}