{"id":94715,"date":"2014-08-08T18:45:54","date_gmt":"2014-08-08T21:45:54","guid":{"rendered":"https:\/\/jundiai.sp.gov.br\/noticias\/?p=94715"},"modified":"2016-11-04T11:11:45","modified_gmt":"2016-11-04T13:11:45","slug":"academia-jundiaiense-de-letras-homenageia-cecilia-meireles","status":"publish","type":"post","link":"https:\/\/jundiai.sp.gov.br\/noticias\/2014\/08\/08\/academia-jundiaiense-de-letras-homenageia-cecilia-meireles\/","title":{"rendered":"Academia Jundiaiense de Letras homenageia Cec\u00edlia Meireles"},"content":{"rendered":"<p><strong>No ano do cinquenten\u00e1rio de morte de Cec\u00edlia Meireles, a Academia Jundiaiense de Letras (AJL) homenageia a escritora com a realiza\u00e7\u00e3o de um evento neste s\u00e1bado (9), \u00e0s 10h, no Museu Hist\u00f3rico e Cultural de Jundia\u00ed \u2013 Solar do Bar\u00e3o, com entrada gratuita.<\/strong><\/p>\n<div id=\"attachment_113417\" style=\"width: 310px\" class=\"wp-caption alignleft\"><a href=\"https:\/\/jundiai.sp.gov.br\/noticias\/wp-content\/uploads\/sites\/32\/2014\/08\/Academia-Jundiaiense-de-Letras-homenageia-Cecilia-Meireles.jpg\"><img loading=\"lazy\" decoding=\"async\" aria-describedby=\"caption-attachment-113417\" class=\"wp-image-113417\" src=\"https:\/\/jundiai.sp.gov.br\/noticias\/wp-content\/uploads\/sites\/32\/2014\/08\/Academia-Jundiaiense-de-Letras-homenageia-Cecilia-Meireles-655x960.jpg\" alt=\"Academia Jundiaiense de Letras faz homenagem \u00e0 escritora\" width=\"300\" height=\"439\" srcset=\"https:\/\/jundiai.sp.gov.br\/noticias\/wp-content\/uploads\/sites\/32\/2014\/08\/Academia-Jundiaiense-de-Letras-homenageia-Cecilia-Meireles-655x960.jpg 655w, https:\/\/jundiai.sp.gov.br\/noticias\/wp-content\/uploads\/sites\/32\/2014\/08\/Academia-Jundiaiense-de-Letras-homenageia-Cecilia-Meireles-300x439.jpg 300w, https:\/\/jundiai.sp.gov.br\/noticias\/wp-content\/uploads\/sites\/32\/2014\/08\/Academia-Jundiaiense-de-Letras-homenageia-Cecilia-Meireles.jpg 1240w\" sizes=\"auto, (max-width: 300px) 100vw, 300px\" \/><\/a><p id=\"caption-attachment-113417\" class=\"wp-caption-text\">Academia Jundiaiense de Letras faz homenagem \u00e0 escritora<\/p><\/div>\n<p><strong>A reuni\u00e3o come\u00e7a com a apresenta\u00e7\u00e3o da pianista Silvia Pozzi Loverso, seguida de uma mesa tem\u00e1tica sobre Cec\u00edlia Meireles com os debatedores Douglas Tufano, da Academia Jundiaiense de Letras; Neizy Cardoso, da Academia Feminina de Letras e Artes de Jundia\u00ed; e Simone Zanotello, da Academia Jundiaiense de Letras Jur\u00eddicas. O debate ser\u00e1 mediado por Sonia Cintra, da Academia Jundiaiense de Letras e, para finalizar ser\u00e1 aberto um espa\u00e7o para leitura de poesias da escritora.<\/strong><\/p>\n<p>\u201cEsta \u00e9 a terceira edi\u00e7\u00e3o do encontro. J\u00e1 homenageamos Vin\u00edcius de Moraes e Jorge Amado\u201d, conta a coordenadora do evento, Sonia Cintra. Segundo ela, o objetivo do encontro \u00e9 divulgar o trabalho dos escritores e estimular a pesquisa acad\u00eamica. \u201cEscolhemos Cec\u00edlia Meireles por conta de sua alta signific\u00e2ncia no cen\u00e1rio da literatura brasileira, e ser uma refer\u00eancia entre as escritoras femininas\u201d, completa.<\/p>\n<p>O evento acontece na sala Prof\u00ba Jahyr Accyoly de Souza, no Museu Hist\u00f3rico e Cultural de Jundia\u00ed &#8216;Solar do Bar\u00e3o&#8217;, na rua Bar\u00e3o de Jundia\u00ed, 762, Centro. Mais informa\u00e7\u00f5es: (11) 4521-6259.<\/p>\n<p><em><strong>Assessoria de Imprensa<br \/>\nFoto: Divulga\u00e7\u00e3o <\/strong><\/em><\/p>\n","protected":false},"excerpt":{"rendered":"<p>No ano do cinquenten\u00e1rio de morte de Cec\u00edlia Meireles, a Academia Jundiaiense de Letras (AJL) homenageia a escritora com a realiza\u00e7\u00e3o de um evento neste s\u00e1bado (9), \u00e0s 10h, no Museu Hist\u00f3rico e Cultural de Jundia\u00ed \u2013 Solar do Bar\u00e3o, com entrada gratuita. A reuni\u00e3o come\u00e7a com a apresenta\u00e7\u00e3o da pianista Silvia Pozzi Loverso, seguida [&hellip;]<\/p>\n","protected":false},"author":10,"featured_media":0,"comment_status":"closed","ping_status":"closed","sticky":false,"template":"","format":"standard","meta":{"footnotes":""},"categories":[2],"tags":[29],"ods":[],"class_list":["post-94715","post","type-post","status-publish","format-standard","hentry","category-noticias","tag-cultura"],"_links":{"self":[{"href":"https:\/\/jundiai.sp.gov.br\/noticias\/wp-json\/wp\/v2\/posts\/94715","targetHints":{"allow":["GET"]}}],"collection":[{"href":"https:\/\/jundiai.sp.gov.br\/noticias\/wp-json\/wp\/v2\/posts"}],"about":[{"href":"https:\/\/jundiai.sp.gov.br\/noticias\/wp-json\/wp\/v2\/types\/post"}],"author":[{"embeddable":true,"href":"https:\/\/jundiai.sp.gov.br\/noticias\/wp-json\/wp\/v2\/users\/10"}],"replies":[{"embeddable":true,"href":"https:\/\/jundiai.sp.gov.br\/noticias\/wp-json\/wp\/v2\/comments?post=94715"}],"version-history":[{"count":3,"href":"https:\/\/jundiai.sp.gov.br\/noticias\/wp-json\/wp\/v2\/posts\/94715\/revisions"}],"predecessor-version":[{"id":113419,"href":"https:\/\/jundiai.sp.gov.br\/noticias\/wp-json\/wp\/v2\/posts\/94715\/revisions\/113419"}],"wp:attachment":[{"href":"https:\/\/jundiai.sp.gov.br\/noticias\/wp-json\/wp\/v2\/media?parent=94715"}],"wp:term":[{"taxonomy":"category","embeddable":true,"href":"https:\/\/jundiai.sp.gov.br\/noticias\/wp-json\/wp\/v2\/categories?post=94715"},{"taxonomy":"post_tag","embeddable":true,"href":"https:\/\/jundiai.sp.gov.br\/noticias\/wp-json\/wp\/v2\/tags?post=94715"},{"taxonomy":"ods","embeddable":true,"href":"https:\/\/jundiai.sp.gov.br\/noticias\/wp-json\/wp\/v2\/ods?post=94715"}],"curies":[{"name":"wp","href":"https:\/\/api.w.org\/{rel}","templated":true}]}}