{"id":97876,"date":"2014-09-01T18:16:08","date_gmt":"2014-09-01T21:16:08","guid":{"rendered":"https:\/\/jundiai.sp.gov.br\/noticias\/?p=97400"},"modified":"2016-11-04T11:04:07","modified_gmt":"2016-11-04T13:04:07","slug":"feira-de-organicos-traz-atracoes-no-domingo-7","status":"publish","type":"post","link":"https:\/\/jundiai.sp.gov.br\/noticias\/2014\/09\/01\/feira-de-organicos-traz-atracoes-no-domingo-7\/","title":{"rendered":"Feira de org\u00e2nicos traz atra\u00e7\u00f5es no domingo (7)"},"content":{"rendered":"<p><strong>Os agricultores envolvidos na Feira Org\u00e2nica prometem muitas atra\u00e7\u00f5es saborosas para a manh\u00e3 do pr\u00f3ximo domingo (7), das 7h \u00e0s 12h, na pra\u00e7a\u00a0Monsenhor Doutor Arthur Ricci (esquina da avenida Nove de Julho com Luiz Latorre, no Jardim Morumbi). Ser\u00e1 a oportunidade para o encontro de produtos de \u00e9poca feitos de maneira \u201c100% natural\u201d, como definem os participantes, objetivo do projeto da Secretaria de Agricultura, Abastecimento e Turismo. <\/strong><\/p>\n<p><strong>Entre as atra\u00e7\u00f5es est\u00e3o repolho, beterraba, br\u00f3colis, cenoura, chic\u00f3ria, almeir\u00e3o, salsa, cebolinha, coentro e outras.<\/strong> De acordo com o engenheiro agr\u00f4nomo S\u00e9rgio Pompermayer, a feira \u00e9 atualmente \u00fanica entre outras 14 feiras livres e os 19 varej\u00f5es de Jundia\u00ed por contar exclusivamente com produtores org\u00e2nicos.<\/p>\n<p><strong>LEIA TAMB\u00c9M<br \/>\n<a href=\"https:\/\/jundiai.sp.gov.br\/noticias\/2014\/08\/pesca-economica-divulga-calendario-de-setembro\/\" target=\"_blank\">Pesca Econ\u00f4mica divulga calend\u00e1rio de setembro<\/a><\/strong><\/p>\n<div style=\"width: 610px\" class=\"wp-caption aligncenter\"><a href=\"https:\/\/jundiai.sp.gov.br\/noticias\/wp-content\/uploads\/sites\/32\/2014\/09\/Agricultores_A_1g.jpg\"><img loading=\"lazy\" decoding=\"async\" src=\"https:\/\/jundiai.sp.gov.br\/noticias\/wp-content\/uploads\/sites\/32\/2014\/09\/Agricultores_A_1g.jpg\" alt=\"\" width=\"600\" height=\"450\" \/><\/a><p class=\"wp-caption-text\">Agricultores da Jundia\u00ed Org\u00e2nicos OCS: produtos saud\u00e1veis na feira<\/p><\/div>\n<p>\u201cTem muita gente que confunde com hidrop\u00f4nico, mas s\u00e3o aqueles produtos feitos totalmente sem agrot\u00f3xicos ou aditivos\u201d, explica a agricultora Rosemeire Fonte Basso.<\/p>\n<p>Al\u00e9m dela, participante da cooperativa chamada Jundia\u00ed Org\u00e2nica Organiza\u00e7\u00e3o de Controle Social (OCS), estar\u00e3o tamb\u00e9m os agricultores Ivan Salies J\u00fanior, Felipe Oliveira Magro, Jos\u00e9 Roberto de Paula, Marli e Jonathan Ceccato e Luiz Alberto Giassetti.<\/p>\n<p>O trabalho do grupo \u00e9 mostrar aos jundiaienses como os produtos org\u00e2nicos beneficiam o meio ambiente do munic\u00edpio e a sa\u00fade dos moradores pela sua forma de produ\u00e7\u00e3o.<\/p>\n<p>A feira \u00e9 um dos meios de fortalecimento dessa proposta na cidade. Nesta segunda-feira (1\u00ba), os integrantes da cooperativa estiveram reunidos tamb\u00e9m para ouvir novidades do setor e at\u00e9 demandas atuais de empresas e restaurantes que usam produtos naturais.<\/p>\n<p>\u201cNa produ\u00e7\u00e3o org\u00e2nica, sempre s\u00e3o produtos de \u00e9poca\u201d, refor\u00e7a a agricultora Marli Ceccato.<\/p>\n<p><em><strong>Jos\u00e9 Arnaldo de Oliveira<br \/>\nFoto: Alessandro Rosman <\/strong><\/em><\/p>\n","protected":false},"excerpt":{"rendered":"<p>Consumidor poder\u00e1 encontrar produtos de \u00e9poca cultivados de maneira 100% natural, das 7h \u00e0s12h. <\/p>\n","protected":false},"author":10,"featured_media":58522,"comment_status":"closed","ping_status":"closed","sticky":false,"template":"","format":"standard","meta":{"footnotes":""},"categories":[2],"tags":[41],"ods":[],"class_list":["post-97876","post","type-post","status-publish","format-standard","has-post-thumbnail","hentry","category-noticias","tag-agricultura-abastecimento-e-turismo"],"_links":{"self":[{"href":"https:\/\/jundiai.sp.gov.br\/noticias\/wp-json\/wp\/v2\/posts\/97876","targetHints":{"allow":["GET"]}}],"collection":[{"href":"https:\/\/jundiai.sp.gov.br\/noticias\/wp-json\/wp\/v2\/posts"}],"about":[{"href":"https:\/\/jundiai.sp.gov.br\/noticias\/wp-json\/wp\/v2\/types\/post"}],"author":[{"embeddable":true,"href":"https:\/\/jundiai.sp.gov.br\/noticias\/wp-json\/wp\/v2\/users\/10"}],"replies":[{"embeddable":true,"href":"https:\/\/jundiai.sp.gov.br\/noticias\/wp-json\/wp\/v2\/comments?post=97876"}],"version-history":[{"count":2,"href":"https:\/\/jundiai.sp.gov.br\/noticias\/wp-json\/wp\/v2\/posts\/97876\/revisions"}],"predecessor-version":[{"id":155011,"href":"https:\/\/jundiai.sp.gov.br\/noticias\/wp-json\/wp\/v2\/posts\/97876\/revisions\/155011"}],"wp:featuredmedia":[{"embeddable":true,"href":"https:\/\/jundiai.sp.gov.br\/noticias\/wp-json\/"}],"wp:attachment":[{"href":"https:\/\/jundiai.sp.gov.br\/noticias\/wp-json\/wp\/v2\/media?parent=97876"}],"wp:term":[{"taxonomy":"category","embeddable":true,"href":"https:\/\/jundiai.sp.gov.br\/noticias\/wp-json\/wp\/v2\/categories?post=97876"},{"taxonomy":"post_tag","embeddable":true,"href":"https:\/\/jundiai.sp.gov.br\/noticias\/wp-json\/wp\/v2\/tags?post=97876"},{"taxonomy":"ods","embeddable":true,"href":"https:\/\/jundiai.sp.gov.br\/noticias\/wp-json\/wp\/v2\/ods?post=97876"}],"curies":[{"name":"wp","href":"https:\/\/api.w.org\/{rel}","templated":true}]}}