{"id":97887,"date":"2014-09-02T17:47:47","date_gmt":"2014-09-02T20:47:47","guid":{"rendered":"https:\/\/jundiai.sp.gov.br\/noticias\/?p=97638"},"modified":"2016-11-04T11:04:07","modified_gmt":"2016-11-04T13:04:07","slug":"nova-linha-vai-agilizar-acesso-entre-terminal-vila-arens-e-guanabara","status":"publish","type":"post","link":"https:\/\/jundiai.sp.gov.br\/noticias\/2014\/09\/02\/nova-linha-vai-agilizar-acesso-entre-terminal-vila-arens-e-guanabara\/","title":{"rendered":"Nova linha vai agilizar acesso do Vila Arens ao Jardim Guanabara"},"content":{"rendered":"<p><strong>Com o objetivo de melhor atender a popula\u00e7\u00e3o e deixar o trajeto mais r\u00e1pido, a Prefeitura de Jundia\u00ed, por meio da Secretaria de Transportes, inicia uma reorganiza\u00e7\u00e3o nas linhas de \u00f4nibus do Vetor Oeste, a partir de 14 de setembro.<\/strong><\/p>\n<p>A a\u00e7\u00e3o visa a regularizar os hor\u00e1rios de atendimento aos bairros daquela regi\u00e3o. A atual linha 521, que liga o terminal Vila Arens ao Jardim Guanabara, passando pelas ruas centrais, terminal Central, avenida Jundia\u00ed e rua do Retiro, ser\u00e1 substitu\u00edda.<\/p>\n<p><strong>LEIA TAMB\u00c9M<br \/>\n<a href=\"https:\/\/jundiai.sp.gov.br\/noticias\/2014\/08\/mais-de-6-mil-passam-por-campanha-de-transito\/\" target=\"_blank\">Mais de 6 mil passam por campanha de tr\u00e2nsito<\/a><br \/>\n<a href=\"https:\/\/jundiai.sp.gov.br\/noticias\/2014\/08\/prefeito-apresenta-acoes-de-mobilidade-no-concidade\/\" target=\"_blank\">Prefeito apresenta a\u00e7\u00f5es de mobilidade no Concidade<\/a><\/strong><\/p>\n<div id=\"attachment_97639\" style=\"width: 1034px\" class=\"wp-caption aligncenter\"><a href=\"https:\/\/jundiai.sp.gov.br\/noticias\/wp-content\/uploads\/sites\/32\/2014\/09\/situ_terminal_vl_arens_9g.jpg\"><img loading=\"lazy\" decoding=\"async\" aria-describedby=\"caption-attachment-97639\" class=\"size-large wp-image-97639\" src=\"https:\/\/jundiai.sp.gov.br\/noticias\/wp-content\/uploads\/sites\/32\/2014\/09\/situ_terminal_vl_arens_9g-1024x680.jpg\" alt=\"Linha 521 ser\u00e1 substitu\u00edda pela 712, ligando o terminal Vila Arens ao Jardim Guanabara\" width=\"1024\" height=\"680\" \/><\/a><p id=\"caption-attachment-97639\" class=\"wp-caption-text\">Linha 521 ser\u00e1 substitu\u00edda pela 712, ligando o terminal Vila Arens ao Jardim Guanabara<\/p><\/div>\n<p><strong>Agora, a linha 712 realizar\u00e1 esse roteiro, por\u00e9m n\u00e3o passar\u00e1 pelas ruas centrais. O trajeto entre o terminal Vila Arens e terminal Central (e vice-versa), seguir\u00e1 itiner\u00e1rio expresso.<\/strong> Assim, n\u00e3o far\u00e1 paradas pelas ruas da regi\u00e3o do Vianelo, permitindo a interliga\u00e7\u00e3o mais \u00e1gil e r\u00e1pida entre os dois terminais. Isso vai possibilitar que os passageiros ganhem de 10 a 15 minutos pela redu\u00e7\u00e3o do trajeto. A nova linha circula todos os dias.<\/p>\n<p><strong>Entre o terminal Central, a rua do Retiro e Jardim Guanabara, a nova linha 712 realiza o embarque e desembarque normalmente nos pontos de parada existentes e no mesmo trajeto da linha 521.<\/strong><\/p>\n<p><strong>Assista \u00e0 reportagem da TVE Jundia\u00ed<\/strong><\/p>\n<p><strong>Linha 527<\/strong><br \/>\nCom a substitui\u00e7\u00e3o das linhas, haver\u00e1 a extens\u00e3o da linha 527 &#8211; terminal Central, Vila Alvorada at\u00e9 o Jardim Guanabara, que atender\u00e1 a Vila Alvorada em ambos os sentidos e deixar\u00e1 de circular pela avenida Osmundo dos Santos Pelegrini.<\/p>\n<p>O novo itiner\u00e1rio parte do terminal Central, avenida Jundia\u00ed, rotat\u00f3ria do lago, marginal sul da Anhanguera, avenida Jo\u00e3o Antonio Meccatti. Seguindo, acessa a Vila Alvorada pela Pra\u00e7a Flora Brasileira, passando no sentido inverso do itiner\u00e1rio atual e segue at\u00e9 o Jardim Guanabara passando pela Recall, Maderoa e Bollhoff. Saindo do Jardim Guanabara, passa na avenida Am\u00e9lia Latorre, rua Coriolano Marins e Dias Filho, e segue at\u00e9 o Terminal Central.<\/p>\n<p>A avenida Osmundo dos Santos Pelegrini continua a ser atendida pela linha 940 &#8211; terminal Eloy Chaves\/terminal Hortol\u00e2ndia via terminal Central e 526 &#8211; Parque dos Ip\u00eas\/terminal Central.<\/p>\n<p><strong>Vila Arens<\/strong><br \/>\n<strong>Os usu\u00e1rios do terminal Vila Arens com destino \u00e0s ruas centrais podem utilizar as seguintes alternativas: para a rua Doutor Cavalcanti, as linhas: 512 &#8211; Vila Aparecida; 513 &#8211; Jardim S\u00e3o Camilo; 514 &#8211; Vila Nambi; 917- Terminal Hortol\u00e2ndia ou 951- Terminal Col\u00f4nia;<\/strong><\/p>\n<p>Para as ruas Doutor Cavalcanti e Marechal Deodoro, as linhas: 702 &#8211; Mato Dentro; 703 &#8211; Rio Acima; 704- Jardim Tarum\u00e3; 705- Jundia\u00ed Mirim; 907- Terminal Hortol\u00e2ndia; 961- Terminal Cecap;<\/p>\n<p>Para a rua Campos Sales, as linhas: 941A ou 941B- Terminal Eloy Chaves;<\/p>\n<p>Para o terminal Central e ruas centrais, pr\u00f3ximas ao terminal at\u00e9 a Igreja Matriz, a nova linha 712 ou 912.<\/p>\n<p><strong>Confira<br \/>\nAs novas tabelas de hor\u00e1rios estar\u00e3o dispon\u00edveis nos terminais e <a href=\"http:\/\/situ.jundiai.sp.gov.br\/terminais.html\" target=\"_blank\">por meio do Portal da Prefeitura de Jundia\u00ed<\/a>.<\/strong><\/p>\n<p><strong><em>Luiza Ronchi<br \/>\nFoto: Arquivo PMJ<\/em><\/strong><\/p>\n","protected":false},"excerpt":{"rendered":"<p>Altera\u00e7\u00f5es nos itiner\u00e1rios, nas paradas e em algumas linhas otimizam o servi\u00e7o prestado \u00e0 popula\u00e7\u00e3o e o tempo<\/p>\n","protected":false},"author":14,"featured_media":97640,"comment_status":"closed","ping_status":"closed","sticky":false,"template":"","format":"standard","meta":{"footnotes":""},"categories":[2],"tags":[338],"ods":[],"class_list":["post-97887","post","type-post","status-publish","format-standard","has-post-thumbnail","hentry","category-noticias","tag-transportes"],"_links":{"self":[{"href":"https:\/\/jundiai.sp.gov.br\/noticias\/wp-json\/wp\/v2\/posts\/97887","targetHints":{"allow":["GET"]}}],"collection":[{"href":"https:\/\/jundiai.sp.gov.br\/noticias\/wp-json\/wp\/v2\/posts"}],"about":[{"href":"https:\/\/jundiai.sp.gov.br\/noticias\/wp-json\/wp\/v2\/types\/post"}],"author":[{"embeddable":true,"href":"https:\/\/jundiai.sp.gov.br\/noticias\/wp-json\/wp\/v2\/users\/14"}],"replies":[{"embeddable":true,"href":"https:\/\/jundiai.sp.gov.br\/noticias\/wp-json\/wp\/v2\/comments?post=97887"}],"version-history":[{"count":2,"href":"https:\/\/jundiai.sp.gov.br\/noticias\/wp-json\/wp\/v2\/posts\/97887\/revisions"}],"predecessor-version":[{"id":160889,"href":"https:\/\/jundiai.sp.gov.br\/noticias\/wp-json\/wp\/v2\/posts\/97887\/revisions\/160889"}],"wp:featuredmedia":[{"embeddable":true,"href":"https:\/\/jundiai.sp.gov.br\/noticias\/wp-json\/"}],"wp:attachment":[{"href":"https:\/\/jundiai.sp.gov.br\/noticias\/wp-json\/wp\/v2\/media?parent=97887"}],"wp:term":[{"taxonomy":"category","embeddable":true,"href":"https:\/\/jundiai.sp.gov.br\/noticias\/wp-json\/wp\/v2\/categories?post=97887"},{"taxonomy":"post_tag","embeddable":true,"href":"https:\/\/jundiai.sp.gov.br\/noticias\/wp-json\/wp\/v2\/tags?post=97887"},{"taxonomy":"ods","embeddable":true,"href":"https:\/\/jundiai.sp.gov.br\/noticias\/wp-json\/wp\/v2\/ods?post=97887"}],"curies":[{"name":"wp","href":"https:\/\/api.w.org\/{rel}","templated":true}]}}