{"id":98579,"date":"2014-09-09T17:14:05","date_gmt":"2014-09-09T20:14:05","guid":{"rendered":"https:\/\/jundiai.sp.gov.br\/noticias\/?p=98579"},"modified":"2016-11-04T11:05:20","modified_gmt":"2016-11-04T13:05:20","slug":"torcida-e-igreja-apoiam-acoes-da-coordenadoria-da-pessoa-com-deficiencia","status":"publish","type":"post","link":"https:\/\/jundiai.sp.gov.br\/noticias\/2014\/09\/09\/torcida-e-igreja-apoiam-acoes-da-coordenadoria-da-pessoa-com-deficiencia\/","title":{"rendered":"Torcida e igreja apoiam a\u00e7\u00f5es da Coordenadoria da Defici\u00eancia"},"content":{"rendered":"<p><strong>Para desenvolver um munic\u00edpio com inclus\u00e3o social, a Coordenadoria de Apoio \u00e0 Pessoa com Defici\u00eancia conta com o parceiros que contribuem para que as a\u00e7\u00f5es sejam realizadas. <\/p>\n<p><div id=\"attachment_98580\" style=\"width: 310px\" class=\"wp-caption alignleft\"><a href=\"https:\/\/jundiai.sp.gov.br\/noticias\/wp-content\/uploads\/sites\/32\/2014\/09\/panfletagem1G.jpg\"><img loading=\"lazy\" decoding=\"async\" aria-describedby=\"caption-attachment-98580\" src=\"https:\/\/jundiai.sp.gov.br\/noticias\/wp-content\/uploads\/sites\/32\/2014\/09\/panfletagem1G-1024x694.jpg\" alt=\"Torcedores ajudam mun\u00edcipes se cadastrarem em vagas de emprego\" width=\"300\" height=\"250\" class=\"size-large wp-image-98580\" \/><\/a><p id=\"caption-attachment-98580\" class=\"wp-caption-text\">Torcedores ajudam mun\u00edcipes se cadastrarem em vagas de emprego<\/p><\/div>No in\u00edcio de setembro, a coordenadoria realizou a a\u00e7\u00e3o &#8220;Prazer em Conhecer Efetivando&#8221;, e convidou todas as pessoas da Aglomera\u00e7\u00e3o Urbana de Jundia\u00ed com algum tipo de defici\u00eancia para se cadastrar em vagas das empresas da regi\u00e3o.<br \/>\n<\/strong><br \/>\nO coordenador Reinaldo Fernandes destaca que \u201cna Coordenadoria, nosso papel \u00e9 elaborar pol\u00edticas p\u00fablicas voltadas \u00e0s pessoas com defici\u00eancia, mas n\u00e3o podemos deixar de lado as a\u00e7\u00f5es pontuais, que se manifestam pela presen\u00e7a do bem\u201d.<\/p>\n<p><strong>LEIA TAMB\u00c9M<br \/>\n<a href=\"https:\/\/jundiai.sp.gov.br\/noticias\/2014\/08\/prefeitura-apoia-acao-que-emprega-pessoas-com-deficiencia\/\" target=\"_blank\">Prefeitura apoia a\u00e7\u00e3o que emprega deficientes<\/a><br \/>\n<a href=\"https:\/\/jundiai.sp.gov.br\/noticias\/2014\/09\/prefeitura-promove-capacitacao-para-pessoas-com-deficiencia\/\" target=\"_blank\">Prefeitura promove capacita\u00e7\u00e3o para pessoas com defici\u00eancias<\/a><\/strong><\/p>\n<p><strong>O evento contou com mais de 20 empresas recrutando e 400 vagas dispon\u00edveis e teve apoio da torcida organizada da Gavi\u00f5es da Fiel de Jundia\u00ed.<\/strong><\/p>\n<p><div id=\"attachment_98581\" style=\"width: 310px\" class=\"wp-caption alignright\"><a href=\"https:\/\/jundiai.sp.gov.br\/noticias\/wp-content\/uploads\/sites\/32\/2014\/09\/panfletagem2G.jpg\"><img loading=\"lazy\" decoding=\"async\" aria-describedby=\"caption-attachment-98581\" src=\"https:\/\/jundiai.sp.gov.br\/noticias\/wp-content\/uploads\/sites\/32\/2014\/09\/panfletagem2G-1024x848.jpg\" alt=\"Panfletagem divulga evento da coordenadoria na Vila Maring\u00e1\" width=\"300\" height=\"250\" class=\"size-large wp-image-98581\" \/><\/a><p id=\"caption-attachment-98581\" class=\"wp-caption-text\">Panfletagem divulga evento da coordenadoria na Vila Maring\u00e1<\/p><\/div>\u201cNo final de semana antes da a\u00e7\u00e3o, seis torcedores fizeram panfletagem na Vila Maring\u00e1 divulgando o evento. Somos engajados nas causas sociais e nos preocupamos em contribuir com a popula\u00e7\u00e3o. Infelizmente nem todas as a\u00e7\u00f5es que realizamos aparecem na m\u00eddia, por se tratar de torcida organizada\u201d, contou o respons\u00e1vel social da torcida de Jundia\u00ed, Tiago Sousa.<\/p>\n<p>Outra parceira \u00e9 a Igreja de Jesus Cristo dos Santos dos \u00daltimos Dias, que realizou duas vezes a doa\u00e7\u00e3o de cadeiras de rodas para pessoas que necessitam. Com isso, <strong>mais de 400 foram beneficiadas<\/strong>. Essas cadeiras passam antes por avalia\u00e7\u00e3o de fisioterapeutas, para que os beneficiados recebam a mais adequada \u00e0 sua necessidade, peso e tamanho, auxiliando na locomo\u00e7\u00e3o, inclus\u00e3o e, principalmente, independ\u00eancia para realizar as tarefas di\u00e1rias.<\/p>\n<p><strong><em>Luiza Ronchi<br \/>\nFotos: Divulga\u00e7\u00e3o<\/em><\/strong><\/p>\n","protected":false},"excerpt":{"rendered":"<p>Parcerias promoveram a arrecada\u00e7\u00e3o de cadeiras de rodas e a divulga\u00e7\u00e3o de contrata\u00e7\u00e3o para empregos<\/p>\n","protected":false},"author":14,"featured_media":98583,"comment_status":"closed","ping_status":"closed","sticky":false,"template":"","format":"standard","meta":{"footnotes":""},"categories":[2],"tags":[509],"ods":[],"class_list":["post-98579","post","type-post","status-publish","format-standard","has-post-thumbnail","hentry","category-noticias","tag-coordenadoria-dos-direitos-das-pessoas-com-deficiencia"],"_links":{"self":[{"href":"https:\/\/jundiai.sp.gov.br\/noticias\/wp-json\/wp\/v2\/posts\/98579","targetHints":{"allow":["GET"]}}],"collection":[{"href":"https:\/\/jundiai.sp.gov.br\/noticias\/wp-json\/wp\/v2\/posts"}],"about":[{"href":"https:\/\/jundiai.sp.gov.br\/noticias\/wp-json\/wp\/v2\/types\/post"}],"author":[{"embeddable":true,"href":"https:\/\/jundiai.sp.gov.br\/noticias\/wp-json\/wp\/v2\/users\/14"}],"replies":[{"embeddable":true,"href":"https:\/\/jundiai.sp.gov.br\/noticias\/wp-json\/wp\/v2\/comments?post=98579"}],"version-history":[{"count":1,"href":"https:\/\/jundiai.sp.gov.br\/noticias\/wp-json\/wp\/v2\/posts\/98579\/revisions"}],"predecessor-version":[{"id":129075,"href":"https:\/\/jundiai.sp.gov.br\/noticias\/wp-json\/wp\/v2\/posts\/98579\/revisions\/129075"}],"wp:featuredmedia":[{"embeddable":true,"href":"https:\/\/jundiai.sp.gov.br\/noticias\/wp-json\/"}],"wp:attachment":[{"href":"https:\/\/jundiai.sp.gov.br\/noticias\/wp-json\/wp\/v2\/media?parent=98579"}],"wp:term":[{"taxonomy":"category","embeddable":true,"href":"https:\/\/jundiai.sp.gov.br\/noticias\/wp-json\/wp\/v2\/categories?post=98579"},{"taxonomy":"post_tag","embeddable":true,"href":"https:\/\/jundiai.sp.gov.br\/noticias\/wp-json\/wp\/v2\/tags?post=98579"},{"taxonomy":"ods","embeddable":true,"href":"https:\/\/jundiai.sp.gov.br\/noticias\/wp-json\/wp\/v2\/ods?post=98579"}],"curies":[{"name":"wp","href":"https:\/\/api.w.org\/{rel}","templated":true}]}}