{"id":98748,"date":"2014-09-10T18:27:10","date_gmt":"2014-09-10T21:27:10","guid":{"rendered":"https:\/\/jundiai.sp.gov.br\/noticias\/?p=98748"},"modified":"2016-11-04T11:05:20","modified_gmt":"2016-11-04T13:05:20","slug":"prefeitura-lanca-o-circuito-das-arvores-2","status":"publish","type":"post","link":"https:\/\/jundiai.sp.gov.br\/noticias\/2014\/09\/10\/prefeitura-lanca-o-circuito-das-arvores-2\/","title":{"rendered":"Prefeitura lan\u00e7a o Circuito das \u00c1rvores"},"content":{"rendered":"<p><strong>A Prefeitura de Jundia\u00ed vai celebrar o Dia da \u00c1rvore (21 de setembro) em grande estilo. A Secretaria de Servi\u00e7os P\u00fablicos, com apoio do Instituto Agron\u00f4mico de Campinas, lan\u00e7a em 15 de setembro (segunda-feira) o Circuito das \u00c1rvores de Jundia\u00ed.<\/strong><\/p>\n<p>O evento ocorre no audit\u00f3rio da Unidade de Desenvolvimento Ambiental (Unidam). <strong>O objetivo \u00e9 apresentar o trabalho de identifica\u00e7\u00e3o, caracteriza\u00e7\u00e3o e cataloga\u00e7\u00e3o de cerca de 60 exemplares de \u00e1rvores presentes na Unidam e outras \u00e1reas participantes do circuito.<\/strong><\/p>\n<p><strong>LEIA TAMB\u00c9M<br \/>\n<a href=\"https:\/\/jundiai.sp.gov.br\/noticias\/2014\/09\/prefeitura-de-jundiai-lanca-um-novo-portal-de-turismo\/\" target=\"_blank\">Prefeitura lan\u00e7a novo portal de turismo<\/a><br \/>\n<a href=\"https:\/\/jundiai.sp.gov.br\/noticias\/2014\/09\/jundiai-discute-plano-municipal-da-mata-atlantica\/\" target=\"_blank\">Jundia\u00ed discute plano municipal da Mata Atl\u00e2ntica<\/a><br \/>\n<a href=\"https:\/\/jundiai.sp.gov.br\/noticias\/2014\/09\/arborizacao-urbana-e-tema-de-encontro-em-jundiai\/\" target=\"_blank\">Arboriza\u00e7\u00e3o Urbana \u00e9 tema de encontro em Jundia\u00ed<\/a><\/strong><\/p>\n<div style=\"width: 610px\" class=\"wp-caption aligncenter\"><a href=\"https:\/\/jundiai.sp.gov.br\/noticias\/wp-content\/uploads\/sites\/32\/2014\/09\/viveiro-33_g.jpg\"><img loading=\"lazy\" decoding=\"async\" src=\"https:\/\/jundiai.sp.gov.br\/noticias\/wp-content\/uploads\/sites\/32\/2014\/09\/viveiro-33_g.jpg\" width=\"600\" height=\"450\" class \/><\/a><p class=\"wp-caption-text\">Detalhe na Unidam: circuito visa estimular uma nova vis\u00e3o de locais<\/p><\/div>\n<p><strong>No dia do lan\u00e7amento do programa, a partir das 8h30, ainda ser\u00e1 poss\u00edvel se inscrever para visitar os circuitos. Ser\u00e3o 30 vagas para a estreia. Como o programa ser\u00e1 permanente, ap\u00f3s a data de abertura, grupos escolares ou de pessoas interessadas no tema poder\u00e3o se inscrever para conhecer os circuitos &#8211; que estar\u00e3o dispon\u00edveis para visitas marcadas.<\/strong><\/p>\n<p>Al\u00e9m da Unidam, que \u00e9 o viveiro municipal, est\u00e3o entre os espa\u00e7os a serem visitados o Centro de Engenharia e Automa\u00e7\u00e3o do IAC em Jundia\u00ed e o Jardim Bot\u00e2nico. As visitas ser\u00e3o permanentes e poder\u00e3o ser marcadas por meio do telefone (11) 4582-2468 ou pelo e-mail <a href=\"mailto:jardimbotanico@jundiai.sp.gov.br\" target=\"_blank\"><strong>jardimbotanico@jundiai.sp.gov.br<\/strong><\/a>.<\/p>\n<p><div style=\"width: 340px\" class=\"wp-caption alignleft\"><a href=\"https:\/\/jundiai.sp.gov.br\/noticias\/wp-content\/uploads\/sites\/32\/2014\/09\/viveiro-29_g-copy.jpg\"><img loading=\"lazy\" decoding=\"async\" src=\"https:\/\/jundiai.sp.gov.br\/noticias\/wp-content\/uploads\/sites\/32\/2014\/09\/viveiro-29_g-copy.jpg\" width=\"330\" height=\"380\" class \/><\/a><p class=\"wp-caption-text\">A trilha de visitas vai levar ao contato com as \u00e1rvores e suas fun\u00e7\u00f5es<\/p><\/div>De acordo com a engenheira agr\u00f4noma da Unidam, Ana Terezinha Maranha Peche, o objetivo deste trabalho \u00e9 a educa\u00e7\u00e3o ambiental. \u201cO prop\u00f3sito \u00e9 mostrar quantas \u00e1rvores temos e que vale a pena conhec\u00ea-las. Todos os circuitos ter\u00e3o bons papos sobre esse tema.\u201d Al\u00e9m disso, ela comenta que curiosidades sobre as \u00e1rvores ser\u00e3o contadas. \u201cO Eucalipto, por exemplo, \u00e9 uma esp\u00e9cie ex\u00f3tica que foi introduzida no Brasil atrav\u00e9s de Jundia\u00ed\u201d, explicou.<\/p>\n<p><strong>Programa\u00e7\u00e3o do lan\u00e7amento<\/strong><br \/>\n<strong>No dia 15, \u00e0s 9h, ser\u00e1 iniciado o ciclo de palestras, com o tema \u2018\u00c1rvores \u2013 estrutura, caracter\u00edsticas e ciclo de vida\u2019, com o engenheiro Thiago Pinto Pires. Ele falar\u00e1 sobre a composi\u00e7\u00e3o e ecologia das \u00e1rvores. E, na sequ\u00eancia, \u00e0s 10h \u00e0s 12h, ocorre a apresenta\u00e7\u00e3o do circuito da Unidam, no qual os visitantes poder\u00e3o conhecer detalhes sobre as principais esp\u00e9cies do local.<\/strong><\/p>\n<p>No per\u00edodo da tarde, das 13h30 \u00e0s 15h30, \u00e9 a vez da apresenta\u00e7\u00e3o do circuito no IAC, localizado na rodovia Dom Gabriel Paulino Bueno Couto, quil\u00f4metro 65. Para finalizar, das 15h30 \u00e0s 17h30, ser\u00e1 a vez da apresenta\u00e7\u00e3o do circuito do Jardim Bot\u00e2nico, com detalhes sobre diversas esp\u00e9cies da flora mundial.<\/p>\n<p>Para definir datas das visitas e mais informa\u00e7\u00f5es sobre o evento: (11) 4582-2468.<\/p>\n<p style=\"text-align: justify\">&nbsp;<\/p>\n<p><em><strong>Luana Dias<br \/>\nFoto: Arquivo<\/strong><\/em><\/p>\n","protected":false},"excerpt":{"rendered":"<p>Objetivo \u00e9 incentivar a ida a um dos circuitos criados pela cidade para conhecer exemplares de \u00e1rvores <\/p>\n","protected":false},"author":10,"featured_media":98753,"comment_status":"closed","ping_status":"closed","sticky":false,"template":"","format":"standard","meta":{"footnotes":""},"categories":[2],"tags":[341],"ods":[],"class_list":["post-98748","post","type-post","status-publish","format-standard","has-post-thumbnail","hentry","category-noticias","tag-servicos-publicos"],"_links":{"self":[{"href":"https:\/\/jundiai.sp.gov.br\/noticias\/wp-json\/wp\/v2\/posts\/98748","targetHints":{"allow":["GET"]}}],"collection":[{"href":"https:\/\/jundiai.sp.gov.br\/noticias\/wp-json\/wp\/v2\/posts"}],"about":[{"href":"https:\/\/jundiai.sp.gov.br\/noticias\/wp-json\/wp\/v2\/types\/post"}],"author":[{"embeddable":true,"href":"https:\/\/jundiai.sp.gov.br\/noticias\/wp-json\/wp\/v2\/users\/10"}],"replies":[{"embeddable":true,"href":"https:\/\/jundiai.sp.gov.br\/noticias\/wp-json\/wp\/v2\/comments?post=98748"}],"version-history":[{"count":1,"href":"https:\/\/jundiai.sp.gov.br\/noticias\/wp-json\/wp\/v2\/posts\/98748\/revisions"}],"predecessor-version":[{"id":128772,"href":"https:\/\/jundiai.sp.gov.br\/noticias\/wp-json\/wp\/v2\/posts\/98748\/revisions\/128772"}],"wp:featuredmedia":[{"embeddable":true,"href":"https:\/\/jundiai.sp.gov.br\/noticias\/wp-json\/"}],"wp:attachment":[{"href":"https:\/\/jundiai.sp.gov.br\/noticias\/wp-json\/wp\/v2\/media?parent=98748"}],"wp:term":[{"taxonomy":"category","embeddable":true,"href":"https:\/\/jundiai.sp.gov.br\/noticias\/wp-json\/wp\/v2\/categories?post=98748"},{"taxonomy":"post_tag","embeddable":true,"href":"https:\/\/jundiai.sp.gov.br\/noticias\/wp-json\/wp\/v2\/tags?post=98748"},{"taxonomy":"ods","embeddable":true,"href":"https:\/\/jundiai.sp.gov.br\/noticias\/wp-json\/wp\/v2\/ods?post=98748"}],"curies":[{"name":"wp","href":"https:\/\/api.w.org\/{rel}","templated":true}]}}