{"id":99170,"date":"2014-09-15T15:30:14","date_gmt":"2014-09-15T18:30:14","guid":{"rendered":"https:\/\/jundiai.sp.gov.br\/noticias\/?p=99170"},"modified":"2018-12-17T16:06:26","modified_gmt":"2018-12-17T18:06:26","slug":"pat-e-banco-do-povo-ganham-novo-espaco","status":"publish","type":"post","link":"https:\/\/jundiai.sp.gov.br\/noticias\/2014\/09\/15\/pat-e-banco-do-povo-ganham-novo-espaco\/","title":{"rendered":"PAT e Banco do Povo ganham novo espa\u00e7o no Centro"},"content":{"rendered":"<p><strong>J\u00e1 est\u00e3o a todo vapor as obras de reforma dos pr\u00e9dios onde ser\u00e3o instalados o Posto de Atendimento ao Trabalhador (PAT) e o Banco do Povo, na rua Zacarias de G\u00f3es, no Centro. Com investimento de R$ 301 mil, o espa\u00e7o ser\u00e1 inaugurado at\u00e9 o fim do ano, conforme determina\u00e7\u00e3o do prefeito Pedro Bigardi.<\/strong><\/p>\n<p><strong>ATUALIZA\u00c7\u00c3O DE ENDERE\u00c7O BANCO DO POVO &#8211; 2018\u00a0<\/strong><br \/>\n<strong>Unidade de Jundia\u00ed<\/strong><br \/>\nEndere\u00e7o: Av. Uni\u00e3o dos Ferrovi\u00e1rios, 1760 \u2013 Ponte de Campinas, Jundia\u00ed (Complexo FEPASA)<br \/>\nFone: (11) 4589-8901<br \/>\n<a href=\"http:\/\/www.bancodopovo.sp.gov.br\/\" target=\"_blank\" rel=\"noopener\">www.bancodopovo.sp.gov.br<\/a><\/p>\n<p>Para a coordenadora do PAT, Maria Aparecida Gibrail, <strong>a mudan\u00e7a \u00e9 sin\u00f4nimo de benef\u00edcios ao trabalhador e usu\u00e1rios do Banco do Povo<\/strong>. \u201cSairemos do Centro das Artes para um espa\u00e7o mais arejado e ventilado. Al\u00e9m disso, a nova divis\u00e3o de salas est\u00e1 muito bacana. O atendimento ao p\u00fablico ter\u00e1 mais recursos e estrutura.\u201d<\/p>\n<p>Segundo ela, <strong>as empresas que v\u00e3o at\u00e9 o local para realizar entrevistas no PAT tamb\u00e9m ganham com a mudan\u00e7a<\/strong>. \u201cAgora os representantes ter\u00e3o a possibilidade de estacionar no local, coisa que n\u00e3o era poss\u00edvel no endere\u00e7o antigo.\u201d<\/p>\n<p><strong>LEIA TAMB\u00c9M<br \/>\n<a href=\"https:\/\/jundiai.sp.gov.br\/noticias\/2014\/09\/pat-amplia-1-300-numero-de-recolocados-no-mercado\/\">PAT amplia 1.300% em recoloca\u00e7\u00e3o no mercado<\/a><br \/>\n<a href=\"https:\/\/jundiai.sp.gov.br\/noticias\/2014\/09\/prefeito-assina-r-108-milhoes-em-contratos-para-habitacao\/\" target=\"_blank\" rel=\"noopener\">Prefeito assina R$ 108 milh\u00f5es para habita\u00e7\u00e3o<\/a><\/strong><br \/>\n<a href=\"https:\/\/jundiai.sp.gov.br\/noticias\/2014\/09\/prefeitura-anuncia-parque-tecnologico-finalizado-em-dois-anos\/\" target=\"_blank\" rel=\"noopener\"><strong>Prefeitura anuncia Parque Tecnol\u00f3gico finalizado em dois anos<\/strong><\/a><\/p>\n<div id=\"attachment_99172\" style=\"width: 610px\" class=\"wp-caption aligncenter\"><a href=\"https:\/\/jundiai.sp.gov.br\/noticias\/wp-content\/uploads\/sites\/32\/2014\/09\/Obras_PAT_Banco_Povo_A_33G.jpg\"><img loading=\"lazy\" decoding=\"async\" aria-describedby=\"caption-attachment-99172\" class=\"size-large wp-image-99172\" src=\"https:\/\/jundiai.sp.gov.br\/noticias\/wp-content\/uploads\/sites\/32\/2014\/09\/Obras_PAT_Banco_Povo_A_33G-1024x689.jpg\" alt=\"Alan Piccolo: acessibilidade foi pensada para toda a estrutura\" width=\"600\" height=\"450\" \/><\/a><p id=\"caption-attachment-99172\" class=\"wp-caption-text\">Alan Piccolo: acessibilidade foi pensada para toda a estrutura<\/p><\/div>\n<p><strong>De acordo com o secret\u00e1rio de Obras, Alan Piccolo, a acessibilidade foi pensada para toda a estrutura, com piso t\u00e1til e rampas. Na estrutura do Banco do Povo, h\u00e1 uma sala de espera, sala de reuni\u00e3o e duas salas para departamento administrativo. H\u00e1 ainda banheiro para funcion\u00e1rios e dois banheiros adaptados para pessoas com defici\u00eancia.<\/strong><\/p>\n<p>\u201c<strong>Tudo foi planejado, de acordo com o que determina o prefeito Pedro Bigardi, para garantir o bem-estar do cidad\u00e3o que usar\u00e1 o servi\u00e7o<\/strong>\u201d, frisa o secret\u00e1rio. Prova disso foi a escolha da \u00e1rea, que fica pr\u00f3ximo ao Terminal Central. \u201c\u00c9 um espa\u00e7o f\u00e1cil para que as pessoas cheguem at\u00e9 aqui sem problemas.\u201d<\/p>\n<p>Para o secret\u00e1rio de Desenvolvimento Econ\u00f4mico, Ci\u00eancia e Tecnologia, Marcelo Cereser,<strong> o setor p\u00fablico deve ser um facilitador no acesso \u00e0 renda<\/strong>. &#8220;Com o aumento dos servi\u00e7os oferecidos desde 2013 e, como resultado da demanda, fez-se necess\u00e1ria uma readequa\u00e7\u00e3o das instala\u00e7\u00f5es para atender melhor as empresas e as pessoas que buscam uma oportunidade&#8221;, destaca.<\/p>\n<div id=\"attachment_99173\" style=\"width: 410px\" class=\"wp-caption alignleft\"><a href=\"https:\/\/jundiai.sp.gov.br\/noticias\/wp-content\/uploads\/sites\/32\/2014\/09\/Obras_PAT_Banco_Povo_A_18G.jpg\"><img loading=\"lazy\" decoding=\"async\" aria-describedby=\"caption-attachment-99173\" class=\"size-large wp-image-99173\" src=\"https:\/\/jundiai.sp.gov.br\/noticias\/wp-content\/uploads\/sites\/32\/2014\/09\/Obras_PAT_Banco_Povo_A_18G-1024x682.jpg\" alt=\"Espa\u00e7o novo est\u00e1 sendo reformado para receber os equipamentos p\u00fablicos\" width=\"400\" height=\"350\" \/><\/a><p id=\"caption-attachment-99173\" class=\"wp-caption-text\">Espa\u00e7o novo est\u00e1 sendo reformado para receber os equipamentos p\u00fablicos<\/p><\/div>\n<p><strong>Estrutura<\/strong><br \/>\nO secret\u00e1rio Alan Piccolo explica ainda que est\u00e3o sendo preparadas <strong>duas salas de espera na \u00e1rea do PAT<\/strong>, al\u00e9m de outras <strong>duas para recrutamento e sele\u00e7\u00e3o<\/strong>. O espa\u00e7o tamb\u00e9m tem <strong>dois banheiros adaptados, banheiro comum, uma copa e recep\u00e7\u00e3o<\/strong>.<\/p>\n<p><strong>Ambos os pr\u00e9dios receber\u00e3o sistema de ilumina\u00e7\u00e3o e pintura. A \u00e1rea total do terreno \u00e9 de 476 metros, com \u00e1rea constru\u00edda de 281 metros.<\/strong><\/p>\n<p><em>Luana Dias<br \/>\nFotos: Alessandro Rosman<\/em><\/p>\n","protected":false},"excerpt":{"rendered":"<p>LEIA TAMB\u00c9M: PAT amplia em 1.300% o n\u00famero atendidos recolocados no mercado de trabalho<\/p>\n","protected":false},"author":14,"featured_media":99174,"comment_status":"closed","ping_status":"closed","sticky":false,"template":"","format":"standard","meta":{"footnotes":""},"categories":[2],"tags":[365,480,347,187],"ods":[],"class_list":["post-99170","post","type-post","status-publish","format-standard","has-post-thumbnail","hentry","category-noticias","tag-desenvolvimento-economico-ciencia-e-tecnologia","tag-emprego","tag-obras","tag-posto-de-atendimento-ao-trabalhador-pat"],"_links":{"self":[{"href":"https:\/\/jundiai.sp.gov.br\/noticias\/wp-json\/wp\/v2\/posts\/99170","targetHints":{"allow":["GET"]}}],"collection":[{"href":"https:\/\/jundiai.sp.gov.br\/noticias\/wp-json\/wp\/v2\/posts"}],"about":[{"href":"https:\/\/jundiai.sp.gov.br\/noticias\/wp-json\/wp\/v2\/types\/post"}],"author":[{"embeddable":true,"href":"https:\/\/jundiai.sp.gov.br\/noticias\/wp-json\/wp\/v2\/users\/14"}],"replies":[{"embeddable":true,"href":"https:\/\/jundiai.sp.gov.br\/noticias\/wp-json\/wp\/v2\/comments?post=99170"}],"version-history":[{"count":3,"href":"https:\/\/jundiai.sp.gov.br\/noticias\/wp-json\/wp\/v2\/posts\/99170\/revisions"}],"predecessor-version":[{"id":226197,"href":"https:\/\/jundiai.sp.gov.br\/noticias\/wp-json\/wp\/v2\/posts\/99170\/revisions\/226197"}],"wp:featuredmedia":[{"embeddable":true,"href":"https:\/\/jundiai.sp.gov.br\/noticias\/wp-json\/"}],"wp:attachment":[{"href":"https:\/\/jundiai.sp.gov.br\/noticias\/wp-json\/wp\/v2\/media?parent=99170"}],"wp:term":[{"taxonomy":"category","embeddable":true,"href":"https:\/\/jundiai.sp.gov.br\/noticias\/wp-json\/wp\/v2\/categories?post=99170"},{"taxonomy":"post_tag","embeddable":true,"href":"https:\/\/jundiai.sp.gov.br\/noticias\/wp-json\/wp\/v2\/tags?post=99170"},{"taxonomy":"ods","embeddable":true,"href":"https:\/\/jundiai.sp.gov.br\/noticias\/wp-json\/wp\/v2\/ods?post=99170"}],"curies":[{"name":"wp","href":"https:\/\/api.w.org\/{rel}","templated":true}]}}