{"id":878,"count":14,"description":"","link":"https:\/\/jundiai.sp.gov.br\/noticias\/tag\/1o-forum-de-seguranca-publica-e-cidadania\/","name":"1\u00ba F\u00f3rum de Seguran\u00e7a P\u00fablica e Cidadania","slug":"1o-forum-de-seguranca-publica-e-cidadania","taxonomy":"post_tag","meta":[],"_links":{"self":[{"href":"https:\/\/jundiai.sp.gov.br\/noticias\/wp-json\/wp\/v2\/tags\/878","targetHints":{"allow":["GET"]}}],"collection":[{"href":"https:\/\/jundiai.sp.gov.br\/noticias\/wp-json\/wp\/v2\/tags"}],"about":[{"href":"https:\/\/jundiai.sp.gov.br\/noticias\/wp-json\/wp\/v2\/taxonomies\/post_tag"}],"wp:post_type":[{"href":"https:\/\/jundiai.sp.gov.br\/noticias\/wp-json\/wp\/v2\/posts?tags=878"}],"curies":[{"name":"wp","href":"https:\/\/api.w.org\/{rel}","templated":true}]}}